{"id":641,"date":"2018-03-27T20:03:25","date_gmt":"2018-03-27T20:03:25","guid":{"rendered":"http:\/\/mersinkulturbalikcilari.com\/?p=641"},"modified":"2018-03-29T08:33:38","modified_gmt":"2018-03-29T08:33:38","slug":"duyuru","status":"publish","type":"post","link":"https:\/\/mersinkulturbalikcilari.org\/?p=641","title":{"rendered":"Duyuru"},"content":{"rendered":"<p>Mersin K\u00fclt\u00fcr Bal\u0131k\u00e7\u0131lar\u0131 Derne\u011fi\u2019nin 1.ci Ola\u011fan Genel Kurul toplant\u0131s\u0131\u00a0<b>07.04.2018 Cumartesi g\u00fcn\u00fc sat 10:30 da<\/b>\u00a0dernek merkezinin bulundu\u011fu\u00a0<b>Saray mahallesi 107. Sok. Deveci \u0130\u015fhan\u0131 no:301 Silifke\/MERS\u0130N<\/b>\u00a0adresindeki binas\u0131nda yap\u0131lacak olup, \u00e7o\u011funluk sa\u011flanamaz ise 2.nci toplant\u0131\u00a0<b>21.04.2018 Cumartesi g\u00fcn\u00fc<\/b>\u00a0ayn\u0131 yer ve saatte yap\u0131lacakt\u0131r.<\/p>\n","protected":false},"excerpt":{"rendered":"<p>Mersin K\u00fclt\u00fcr Bal\u0131k\u00e7\u0131lar\u0131 Derne\u011fi\u2019nin 1.ci Ola\u011fan Genel Kurul toplant\u0131s\u0131\u00a007.04.2018 Cumartesi g\u00fcn\u00fc sat 10:30 da\u00a0dernek merkezinin bulundu\u011fu\u00a0Saray mahallesi 107. Sok. Deveci \u0130\u015fhan\u0131 no:301 Silifke\/MERS\u0130N\u00a0adresindeki binas\u0131nda yap\u0131lacak olup, \u00e7o\u011funluk sa\u011flanamaz ise 2.nci toplant\u0131\u00a021.04.2018 Cumartesi g\u00fcn\u00fc\u00a0ayn\u0131 yer ve saatte yap\u0131lacakt\u0131r.<\/p>\n","protected":false},"author":1,"featured_media":648,"comment_status":"open","ping_status":"open","sticky":false,"template":"","format":"standard","meta":{"footnotes":""},"categories":[1],"tags":[],"_links":{"self":[{"href":"https:\/\/mersinkulturbalikcilari.org\/index.php?rest_route=\/wp\/v2\/posts\/641"}],"collection":[{"href":"https:\/\/mersinkulturbalikcilari.org\/index.php?rest_route=\/wp\/v2\/posts"}],"about":[{"href":"https:\/\/mersinkulturbalikcilari.org\/index.php?rest_route=\/wp\/v2\/types\/post"}],"author":[{"embeddable":true,"href":"https:\/\/mersinkulturbalikcilari.org\/index.php?rest_route=\/wp\/v2\/users\/1"}],"replies":[{"embeddable":true,"href":"https:\/\/mersinkulturbalikcilari.org\/index.php?rest_route=%2Fwp%2Fv2%2Fcomments&post=641"}],"version-history":[{"count":1,"href":"https:\/\/mersinkulturbalikcilari.org\/index.php?rest_route=\/wp\/v2\/posts\/641\/revisions"}],"predecessor-version":[{"id":643,"href":"https:\/\/mersinkulturbalikcilari.org\/index.php?rest_route=\/wp\/v2\/posts\/641\/revisions\/643"}],"wp:featuredmedia":[{"embeddable":true,"href":"https:\/\/mersinkulturbalikcilari.org\/index.php?rest_route=\/wp\/v2\/media\/648"}],"wp:attachment":[{"href":"https:\/\/mersinkulturbalikcilari.org\/index.php?rest_route=%2Fwp%2Fv2%2Fmedia&parent=641"}],"wp:term":[{"taxonomy":"category","embeddable":true,"href":"https:\/\/mersinkulturbalikcilari.org\/index.php?rest_route=%2Fwp%2Fv2%2Fcategories&post=641"},{"taxonomy":"post_tag","embeddable":true,"href":"https:\/\/mersinkulturbalikcilari.org\/index.php?rest_route=%2Fwp%2Fv2%2Ftags&post=641"}],"curies":[{"name":"wp","href":"https:\/\/api.w.org\/{rel}","templated":true}]}}